{"id":54775,"date":"2024-04-16T10:57:56","date_gmt":"2024-04-16T14:57:56","guid":{"rendered":"https:\/\/adipro.ca\/?p=54775"},"modified":"2024-04-16T10:57:21","modified_gmt":"2024-04-16T14:57:21","slug":"rode-lancement-nab-avril2024","status":"publish","type":"post","link":"https:\/\/adipro.ca\/fr\/rode-lancement-nab-avril2024\/","title":{"rendered":"D\u00e9couvrez les nouveaux produits lanc\u00e9s par RODE !"},"content":{"rendered":"<p>D\u00e9couvrez ce qui va change la m\u00e9thode de travail pour les cr\u00e9ateurs de contenu : Interview Pro, Phone Cage et Magnetic Mount de RODE !<\/p>\n<p style=\"text-align: center;\"><a href=\"https:\/\/adipro.ca\/wp-content\/uploads\/2024\/04\/adi-new-products-nab-2024.jpg\"><img fetchpriority=\"high\" decoding=\"async\" class=\"alignnone  wp-image-54757\" src=\"https:\/\/adipro.ca\/wp-content\/uploads\/2024\/04\/adi-new-products-nab-2024.jpg\" alt=\"adi-new-products-nab-2024\" width=\"317\" height=\"193\" \/><\/a><\/p>\n<p style=\"text-align: center;\"><a href=\"https:\/\/rode.com\/en\/microphones\/wireless\/interview-pro\" target=\"_blank\" rel=\"noopener noreferrer nofollow\">Interview Pro<\/a><\/p>\n<ul>\n<li style=\"text-align: left;\">Microphone \u00e0 condensateur portable sans fil<\/li>\n<li style=\"text-align: left;\">Polarit\u00e9 omnidirectionnel<\/li>\n<li style=\"text-align: left;\">Transmission num\u00e9rique 2.4GHz, port\u00e9e 200m<\/li>\n<li style=\"text-align: left;\">Enregistrement flottant 32 bits, m\u00e9moire de plus de 40 heures<\/li>\n<li style=\"text-align: left;\">Assistance de gain intelligent<\/li>\n<li style=\"text-align: left;\">Faible manipulation de bruit<\/li>\n<li style=\"text-align: left;\">Prise en charge du timecode (r\u00e9cepteur compatible)<\/li>\n<li style=\"text-align: left;\">Batterie rechargeable, 30 heures<\/li>\n<li style=\"text-align: left;\">Filtre anti-pop de haute qualit\u00e9 inclus<\/li>\n<li style=\"text-align: left;\">Compatible avec tous les r\u00e9cepteurs sans fil de la s\u00e9rie IV de R\u00d8DE, y compris le Wireless ME\/GO II\/PRO, le R\u00d8DECaster Pro II\/Duo et bien d&rsquo;autres.<\/li>\n<\/ul>\n<p><a href=\"https:\/\/rode.com\/en\/microphones\/wireless\/interview-pro\" target=\"_blank\" rel=\"noopener noreferrer nofollow\">En savoir plus<\/a><\/p>\n<p style=\"text-align: center;\"><a href=\"https:\/\/rode.com\/en\/accessories\/mounts-grips\/phone-cage\" target=\"_blank\" rel=\"noopener noreferrer nofollow\">Phone Cage<\/a><\/p>\n<ul>\n<li>\u00a0Compatible avec MagSafe\u00ae<\/li>\n<li>Fentes de gestion des c\u00e2bles int\u00e9gr\u00e9es<\/li>\n<li>Cinq sabots de fixations pour microphones et des \u00e9clairages<\/li>\n<li>Filetage de 1\/4 et 3\/8 de pouces<\/li>\n<\/ul>\n<p><a href=\"https:\/\/rode.com\/en\/accessories\/mounts-grips\/phone-cage\" target=\"_blank\" rel=\"noopener noreferrer nofollow\">En savoir plus<\/a><\/p>\n<p style=\"text-align: center;\"><a href=\"https:\/\/rode.com\/en\/accessories\/mounts-grips\/magnetic-mount\" target=\"_blank\" rel=\"noopener noreferrer nofollow\">Magnetic Mount<\/a><\/p>\n<ul>\n<li>\u00a0Compatible avec MagSafe\u00ae<\/li>\n<li>Bras court et long pour une utilisation en paysage ou en portrait<\/li>\n<li>Bras long avec filetage de 1\u20444 pouces<!-- notionvc: b62eb3fd-83d1-4fc4-a285-f9634d0e7d7b --><\/li>\n<\/ul>\n<p><span class=\"notion-enable-hover\" data-token-index=\"5\"><a href=\"https:\/\/rode.com\/en\/accessories\/mounts-grips\/magnetic-mount\" target=\"_blank\" rel=\"noopener noreferrer nofollow\">En savoir plus<\/a><\/span><\/p>\n<p>D\u00e9bloquez de nouvelles possibilit\u00e9s et cr\u00e9ez des contenus \u00e9poustouflants avec le dernier \u00e9quipement de RODE !<!-- notionvc: ba9044a4-36d2-4391-8c61-092d73c968d5 --><\/p>\n","protected":false},"excerpt":{"rendered":"<p>D\u00e9couvrez ce qui va change la m\u00e9thode de travail pour les cr\u00e9ateurs de contenu : Interview Pro, Phone Cage et Magnetic Mount de RODE ! Interview Pro Microphone \u00e0 condensateur portable sans fil Polarit\u00e9 omnidirectionnel Transmission num\u00e9rique 2.4GHz, port\u00e9e 200m Enregistrement flottant 32 bits, m\u00e9moire de plus de 40 heures Assistance de gain intelligent Faible [&hellip;]<\/p>\n","protected":false},"author":2,"featured_media":63517,"comment_status":"closed","ping_status":"closed","sticky":false,"template":"","format":"standard","meta":{"_acf_changed":false,"footnotes":""},"categories":[55,56],"tags":[219,304,130],"brand-tag":[],"class_list":["post-54775","post","type-post","status-publish","format-standard","has-post-thumbnail","hentry","category-audio-pro-fr","category-audio-video-mobile-fr","tag-adi-pro","tag-product-launch"],"acf":[],"_links":{"self":[{"href":"https:\/\/adipro.ca\/fr\/wp-json\/wp\/v2\/posts\/54775","targetHints":{"allow":["GET"]}}],"collection":[{"href":"https:\/\/adipro.ca\/fr\/wp-json\/wp\/v2\/posts"}],"about":[{"href":"https:\/\/adipro.ca\/fr\/wp-json\/wp\/v2\/types\/post"}],"author":[{"embeddable":true,"href":"https:\/\/adipro.ca\/fr\/wp-json\/wp\/v2\/users\/2"}],"replies":[{"embeddable":true,"href":"https:\/\/adipro.ca\/fr\/wp-json\/wp\/v2\/comments?post=54775"}],"version-history":[{"count":0,"href":"https:\/\/adipro.ca\/fr\/wp-json\/wp\/v2\/posts\/54775\/revisions"}],"wp:featuredmedia":[{"embeddable":true,"href":"https:\/\/adipro.ca\/fr\/wp-json\/wp\/v2\/media\/63517"}],"wp:attachment":[{"href":"https:\/\/adipro.ca\/fr\/wp-json\/wp\/v2\/media?parent=54775"}],"wp:term":[{"taxonomy":"category","embeddable":true,"href":"https:\/\/adipro.ca\/fr\/wp-json\/wp\/v2\/categories?post=54775"},{"taxonomy":"post_tag","embeddable":true,"href":"https:\/\/adipro.ca\/fr\/wp-json\/wp\/v2\/tags?post=54775"},{"taxonomy":"brand-tag","embeddable":true,"href":"https:\/\/adipro.ca\/fr\/wp-json\/wp\/v2\/brand-tag?post=54775"}],"curies":[{"name":"wp","href":"https:\/\/api.w.org\/{rel}","templated":true}]}}