{"id":57018,"date":"2024-11-11T18:08:25","date_gmt":"2024-11-11T23:08:25","guid":{"rendered":"https:\/\/adipro.ca\/?p=57018"},"modified":"2024-11-11T18:08:07","modified_gmt":"2024-11-11T23:08:07","slug":"rode-lancement-wireless-micro-novembre2024","status":"publish","type":"post","link":"https:\/\/adipro.ca\/fr\/rode-lancement-wireless-micro-novembre2024\/","title":{"rendered":"D\u00e9couvrez le nouveau WIRELESS MICRO par R\u00d8DE !"},"content":{"rendered":"<p class=\"paragraph-spacing-none\" style=\"text-align: center;\">Nous sommes ravis de pr\u00e9senter le\u00a0<strong>WIRELESS MICRO<\/strong>, un nouvel ajout aux syst\u00e8mes de microphones sans fil de\u00a0<strong>R\u00d8DE\u00a0<\/strong>!<\/p>\n<p class=\"paragraph-spacing-none\" style=\"text-align: center;\">Con\u00e7u pour les cr\u00e9ateurs de contenu, le\u00a0<strong>WIRELESS MICRO<\/strong>\u00a0offre une solution plug-and-play simple pour capturer un son de qualit\u00e9.<br \/>\nIl suffit de connecter le r\u00e9cepteur \u00e0 votre appareil, d&rsquo;accrocher les \u00e9metteurs et de commencer \u00e0 enregistrer &#8211; aucun c\u00e2ble ou commande compliqu\u00e9e n&rsquo;est n\u00e9cessaire.<\/p>\n<p class=\"paragraph-spacing-none\" style=\"text-align: center;\">Chaque \u00e9metteur est \u00e9quip\u00e9 de microphones int\u00e9gr\u00e9s de haute qualit\u00e9 avec bonnette int\u00e9gr\u00e9e et prise de son omnidirectionnelle pour une excellente qualit\u00e9 sonore.<br \/>\nLa technologie intelligente GainAssist garantit des niveaux audio parfaitement \u00e9quilibr\u00e9s \u00e0 chaque fois.<\/p>\n<p class=\"paragraph-spacing-none\" style=\"text-align: center;\">Avec son design compact et ultra-l\u00e9ger et ses 18 heures d&rsquo;autonomie gr\u00e2ce \u00e0 l&rsquo;\u00e9tui de chargement de poche, le Wireless Micro est le compagnon id\u00e9al pour les cr\u00e9ateurs en d\u00e9placement.<\/p>\n<p class=\"paragraph-spacing-none\" style=\"text-align: left;\"><a href=\"https:\/\/adipro.ca\/wp-content\/uploads\/2024\/11\/rode-wireless-micro-campaign-0577-8192x5464-rgb.jpg\"><img fetchpriority=\"high\" decoding=\"async\" class=\"alignnone size-medium wp-image-57026 aligncenter\" src=\"https:\/\/adipro.ca\/wp-content\/uploads\/2024\/11\/rode-wireless-micro-campaign-0577-8192x5464-rgb.jpg\" alt=\"rode-wireless-micro-campaign-0577-8192x5464-rgb\" width=\"300\" height=\"200\" \/><\/a><\/p>\n<p class=\"paragraph-spacing-none\" style=\"text-align: left;\"><strong><u>CARACT\u00c9RISTIQUES PRINCIPALES :<\/u><\/strong><\/p>\n<ul style=\"text-align: left;\">\n<li class=\"paragraph-spacing-none\">Microphone ultra-compact pour smartphones (USB-C ou Lightning).<\/li>\n<li class=\"paragraph-spacing-none\">Appairage automatique facile et microphones int\u00e9gr\u00e9s<\/li>\n<li class=\"paragraph-spacing-none\">Connexion directe au smartphone, aucun c\u00e2ble n&rsquo;est n\u00e9cessaire<\/li>\n<li class=\"paragraph-spacing-none\">GainAssist intelligent pour un son parfait<\/li>\n<li class=\"paragraph-spacing-none\">Autonomie de 18 heures avec l&rsquo;\u00e9tui de chargement<\/li>\n<li class=\"paragraph-spacing-none\">Conception l\u00e9g\u00e8re pour une utilisation discr\u00e8te<\/li>\n<li class=\"paragraph-spacing-none\">Pare-vent int\u00e9gr\u00e9 pour des enregistrements clairs en ext\u00e9rieur<\/li>\n<li class=\"paragraph-spacing-none\">Compatible avec l&rsquo;application gratuite R\u00d8DE Capture<\/li>\n<li class=\"paragraph-spacing-none\">Disponible en\u00a0<strong>NOIR\u00a0<\/strong>et\u00a0<strong>BLANC<\/strong><\/li>\n<\/ul>\n<p style=\"text-align: left;\">En savoir plus:\u00a0https:\/\/rode.com\/en\/microphones\/wireless\/wireless-micro?variant_sku=WIMICROC<\/p>\n<p style=\"text-align: center;\"><!-- notionvc: b40f7f93-49f4-447c-8e5f-0e37c47a5aaa --><\/p>\n","protected":false},"excerpt":{"rendered":"<p>Nous sommes ravis de pr\u00e9senter le\u00a0WIRELESS MICRO, un nouvel ajout aux syst\u00e8mes de microphones sans fil de\u00a0R\u00d8DE\u00a0! Con\u00e7u pour les cr\u00e9ateurs de contenu, le\u00a0WIRELESS MICRO\u00a0offre une solution plug-and-play simple pour capturer un son de qualit\u00e9. Il suffit de connecter le r\u00e9cepteur \u00e0 votre appareil, d&rsquo;accrocher les \u00e9metteurs et de commencer \u00e0 enregistrer &#8211; aucun c\u00e2ble [&hellip;]<\/p>\n","protected":false},"author":2,"featured_media":63901,"comment_status":"closed","ping_status":"closed","sticky":false,"template":"","format":"standard","meta":{"_acf_changed":false,"footnotes":""},"categories":[55,56],"tags":[107,219,195],"brand-tag":[],"class_list":["post-57018","post","type-post","status-publish","format-standard","has-post-thumbnail","hentry","category-audio-pro-fr","category-audio-video-mobile-fr","tag-adi-pro-fr","tag-adi-pro","tag-rode"],"acf":[],"_links":{"self":[{"href":"https:\/\/adipro.ca\/fr\/wp-json\/wp\/v2\/posts\/57018","targetHints":{"allow":["GET"]}}],"collection":[{"href":"https:\/\/adipro.ca\/fr\/wp-json\/wp\/v2\/posts"}],"about":[{"href":"https:\/\/adipro.ca\/fr\/wp-json\/wp\/v2\/types\/post"}],"author":[{"embeddable":true,"href":"https:\/\/adipro.ca\/fr\/wp-json\/wp\/v2\/users\/2"}],"replies":[{"embeddable":true,"href":"https:\/\/adipro.ca\/fr\/wp-json\/wp\/v2\/comments?post=57018"}],"version-history":[{"count":0,"href":"https:\/\/adipro.ca\/fr\/wp-json\/wp\/v2\/posts\/57018\/revisions"}],"wp:featuredmedia":[{"embeddable":true,"href":"https:\/\/adipro.ca\/fr\/wp-json\/wp\/v2\/media\/63901"}],"wp:attachment":[{"href":"https:\/\/adipro.ca\/fr\/wp-json\/wp\/v2\/media?parent=57018"}],"wp:term":[{"taxonomy":"category","embeddable":true,"href":"https:\/\/adipro.ca\/fr\/wp-json\/wp\/v2\/categories?post=57018"},{"taxonomy":"post_tag","embeddable":true,"href":"https:\/\/adipro.ca\/fr\/wp-json\/wp\/v2\/tags?post=57018"},{"taxonomy":"brand-tag","embeddable":true,"href":"https:\/\/adipro.ca\/fr\/wp-json\/wp\/v2\/brand-tag?post=57018"}],"curies":[{"name":"wp","href":"https:\/\/api.w.org\/{rel}","templated":true}]}}