{"id":57316,"date":"2024-12-09T18:09:11","date_gmt":"2024-12-09T23:09:11","guid":{"rendered":"https:\/\/adipro.ca\/?p=57316"},"modified":"2024-12-09T18:08:31","modified_gmt":"2024-12-09T23:08:31","slug":"rode-lancement-wirelessgo-gen3-decembre2024","status":"publish","type":"post","link":"https:\/\/adipro.ca\/fr\/rode-lancement-wirelessgo-gen3-decembre2024\/","title":{"rendered":"D\u00e9couvrez le nouveau WIRELESS GO (3\u00e8me G\u00e9n\u00e9ration) par R\u00d8DE !"},"content":{"rendered":"<p style=\"text-align: center;\">D\u00e9couvrez le nouveau produit de\u00a0R\u00d8DE!<\/p>\n<p style=\"text-align: center;\"><a href=\"https:\/\/adipro.ca\/wp-content\/uploads\/2024\/12\/rode-wireless-go-III-hero-4000x4000-rgb.png\"><img decoding=\"async\" class=\"alignnone wp-image-57319\" src=\"https:\/\/adipro.ca\/wp-content\/uploads\/2024\/12\/rode-wireless-go-III-hero-4000x4000-rgb.png\" alt=\"rode-wireless-go-III-hero-4000x4000-rgb\" width=\"145\" height=\"145\" \/><\/a><\/p>\n<p class=\"paragraph-spacing-none\">Le <a href=\"https:\/\/rode.com\/en\/microphones\/wireless\/wireless-go-gen-3?variant_sku=WIGOGEN3\" name=\"httpsassetsrodecomstbxc6bmv43kgs47nfxzvcrp\" target=\"_blank\" rel=\"noopener noreferrer nofollow\"><strong>Wireless GO<\/strong><\/a> est un syst\u00e8me de microphone sans fil compact et puissant, id\u00e9al pour une large gamme d&rsquo;applications de cr\u00e9ation de contenu. Il offre une pl\u00e9thore de fonctionnalit\u00e9s pour capturer un son de qualit\u00e9 dans toutes les situations, notamment la technologie intelligente GainAssist et l&rsquo;enregistrement embarqu\u00e9 32-bit float avec 32 Go de m\u00e9moire interne.<\/p>\n<p class=\"paragraph-spacing-none\">La transmission num\u00e9rique de pointe S\u00e9rie IV 2,4 GHz de R\u00d8DE offre la meilleure port\u00e9e de sa cat\u00e9gorie, avec des microphones int\u00e9gr\u00e9s de qualit\u00e9 professionnelle pour une capture audio d&rsquo;une clart\u00e9 cristalline.<\/p>\n<p class=\"paragraph-spacing-none\">Il est universellement compatible avec les cam\u00e9ras, les t\u00e9l\u00e9phones et les ordinateurs, et pour encore plus de flexibilit\u00e9, il est \u00e9quip\u00e9 de connecteurs lavalier verrouillables, de boutons d\u00e9di\u00e9s pour d\u00e9clencher l&rsquo;enregistrement, d&rsquo;une mise sous tension\/hors tension automatique, et d&rsquo;une prise TRRS sur le r\u00e9cepteur pour l&rsquo;\u00e9coute au casque ou l&rsquo;entr\u00e9e audio.<\/p>\n<p class=\"paragraph-spacing-none\"><strong><u>Caract\u00e9ristiques principales :<\/u><\/strong><\/p>\n<ul>\n<li class=\"paragraph-spacing-none\">Syst\u00e8me de microphone sans fil compact \u00e0 deux canaux<\/li>\n<li class=\"paragraph-spacing-none\">Transmission num\u00e9rique de pointe S\u00e9rie IV 2,4 GHz de R\u00d8DE avec cryptage 128 bits pour un son cristallin et incroyablement stable avec la meilleure port\u00e9e de sa cat\u00e9gorie<\/li>\n<li class=\"paragraph-spacing-none\">Compatibilit\u00e9 universelle avec les appareils photo, les smartphones et les ordinateurs<\/li>\n<li class=\"paragraph-spacing-none\">L&rsquo;enregistrement embarqu\u00e9 \u00e0 32 bits permet de r\u00e9cup\u00e9rer les fichiers audio coup\u00e9s ou silencieux<\/li>\n<li class=\"paragraph-spacing-none\">Technologie intelligente GainAssist, contr\u00f4le flexible du gain de sortie et canal de s\u00e9curit\u00e9 pour garantir un son irr\u00e9prochable lors de l&rsquo;enregistrement direct sur la cam\u00e9ra<\/li>\n<li class=\"paragraph-spacing-none\">32 Go de stockage sur chaque \u00e9metteur pour plus de 40 heures d&rsquo;enregistrements de sauvegarde<\/li>\n<li class=\"paragraph-spacing-none\">Connecteurs TRS 3,5 mm verrouillables pour une s\u00e9curit\u00e9 totale<\/li>\n<li class=\"paragraph-spacing-none\">Contr\u00f4le du casque avec r\u00e9glage de niveau int\u00e9gr\u00e9<\/li>\n<li class=\"paragraph-spacing-none\">D\u00e9tection de l&rsquo;alimentation branch\u00e9e pour une dur\u00e9e de vie prolong\u00e9e de la batterie<\/li>\n<li class=\"paragraph-spacing-none\">Configuration facile sur ordinateur ou smartphone via R\u00d8DE Central<\/li>\n<\/ul>\n<p style=\"text-align: center;\">En savoir plus <a href=\"https:\/\/rode.com\/en\/microphones\/wireless\/wireless-go-gen-3?variant_sku=WIGOGEN3\" target=\"_blank\" rel=\"noopener noreferrer nofollow\">ici<\/a><\/p>\n<p style=\"text-align: center;\"><a href=\"https:\/\/adipro.ca\/wp-content\/uploads\/2024\/12\/rode-charge-case-plus-open-8192x5464-rgb4.png\"><img decoding=\"async\" class=\"alignnone wp-image-57329\" src=\"https:\/\/adipro.ca\/wp-content\/uploads\/2024\/12\/rode-charge-case-plus-open-8192x5464-rgb4-229x300.png\" alt=\"rode-charge-case-plus-open-8192x5464-rgb\" width=\"111\" height=\"145\" \/><\/a><\/p>\n<p class=\"paragraph-spacing-none\">L&rsquo;\u00e9tui <strong><a href=\"https:\/\/rode.com\/en\/accessories\/batteries-chargers\/charge-case-plus\" target=\"_blank\" rel=\"noopener noreferrer nofollow\">Charge Case+<\/a><\/strong> est un \u00e9tui compact pour le Wireless GO (Gen 3) qui permet de conserver l&rsquo;ensemble du syst\u00e8me en toute s\u00e9curit\u00e9 lorsqu&rsquo;il est rang\u00e9 ou emport\u00e9 sur la route.<\/p>\n<p class=\"paragraph-spacing-none\"><strong><u>Caract\u00e9ristiques principales :<\/u><\/strong><\/p>\n<ul>\n<li class=\"paragraph-spacing-none\">\u00c9tui de chargement pour Wireless GO (Gen 3)<\/li>\n<li class=\"paragraph-spacing-none\">Chargement simultan\u00e9 des \u00e9metteurs et du r\u00e9cepteur<\/li>\n<li class=\"paragraph-spacing-none\">Permet deux recharges compl\u00e8tes pour une dur\u00e9e d&rsquo;utilisation maximale de 21 heures<\/li>\n<li>Permet d&rsquo;acc\u00e9der \u00e0 toutes les unit\u00e9s pour transf\u00e9rer des enregistrements ou ajuster les param\u00e8tres.<\/li>\n<\/ul>\n<p style=\"text-align: center;\">En savoir plus <a href=\"https:\/\/rode.com\/en\/accessories\/batteries-chargers\/charge-case-plus\" target=\"_blank\" rel=\"noopener noreferrer nofollow\">ici<\/a><\/p>\n<p style=\"text-align: center;\"><!-- notionvc: b40f7f93-49f4-447c-8e5f-0e37c47a5aaa --><\/p>\n","protected":false},"excerpt":{"rendered":"<p>D\u00e9couvrez le nouveau produit de\u00a0R\u00d8DE! Le Wireless GO est un syst\u00e8me de microphone sans fil compact et puissant, id\u00e9al pour une large gamme d&rsquo;applications de cr\u00e9ation de contenu. Il offre une pl\u00e9thore de fonctionnalit\u00e9s pour capturer un son de qualit\u00e9 dans toutes les situations, notamment la technologie intelligente GainAssist et l&rsquo;enregistrement embarqu\u00e9 32-bit float avec [&hellip;]<\/p>\n","protected":false},"author":2,"featured_media":63902,"comment_status":"closed","ping_status":"closed","sticky":false,"template":"","format":"standard","meta":{"_acf_changed":false,"footnotes":""},"categories":[55,56],"tags":[92,107,195],"brand-tag":[],"class_list":["post-57316","post","type-post","status-publish","format-standard","has-post-thumbnail","hentry","category-audio-pro-fr","category-audio-video-mobile-fr","tag-adi-pro","tag-adi-pro-fr","tag-rode"],"acf":[],"_links":{"self":[{"href":"https:\/\/adipro.ca\/fr\/wp-json\/wp\/v2\/posts\/57316","targetHints":{"allow":["GET"]}}],"collection":[{"href":"https:\/\/adipro.ca\/fr\/wp-json\/wp\/v2\/posts"}],"about":[{"href":"https:\/\/adipro.ca\/fr\/wp-json\/wp\/v2\/types\/post"}],"author":[{"embeddable":true,"href":"https:\/\/adipro.ca\/fr\/wp-json\/wp\/v2\/users\/2"}],"replies":[{"embeddable":true,"href":"https:\/\/adipro.ca\/fr\/wp-json\/wp\/v2\/comments?post=57316"}],"version-history":[{"count":0,"href":"https:\/\/adipro.ca\/fr\/wp-json\/wp\/v2\/posts\/57316\/revisions"}],"wp:featuredmedia":[{"embeddable":true,"href":"https:\/\/adipro.ca\/fr\/wp-json\/wp\/v2\/media\/63902"}],"wp:attachment":[{"href":"https:\/\/adipro.ca\/fr\/wp-json\/wp\/v2\/media?parent=57316"}],"wp:term":[{"taxonomy":"category","embeddable":true,"href":"https:\/\/adipro.ca\/fr\/wp-json\/wp\/v2\/categories?post=57316"},{"taxonomy":"post_tag","embeddable":true,"href":"https:\/\/adipro.ca\/fr\/wp-json\/wp\/v2\/tags?post=57316"},{"taxonomy":"brand-tag","embeddable":true,"href":"https:\/\/adipro.ca\/fr\/wp-json\/wp\/v2\/brand-tag?post=57316"}],"curies":[{"name":"wp","href":"https:\/\/api.w.org\/{rel}","templated":true}]}}